{"id":3239,"date":"2025-11-06T10:34:58","date_gmt":"2025-11-06T13:34:58","guid":{"rendered":"https:\/\/ies9023-infd.mendoza.edu.ar\/sitio\/?p=3239"},"modified":"2025-11-25T14:34:34","modified_gmt":"2025-11-25T17:34:34","slug":"concursos-convocatorias-dge-2025","status":"publish","type":"post","link":"https:\/\/ies9023-infd.mendoza.edu.ar\/sitio\/concursos-convocatorias-dge-2025\/","title":{"rendered":"Concursos &#8211; Convocatorias DGE 2025"},"content":{"rendered":"\n<h2 class=\"wp-block-heading\">Concurso p\u00fablico y abierto para titularizaci\u00f3n de cargos BEDEL\/PRECEPTOR\/SECRETARIO en el Nivel Superior<\/h2>\n\n\n<div>\n<div><img decoding=\"async\" loading=\"lazy\" class=\"alignnone  wp-image-3548 alignleft\" src=\"https:\/\/ies9023-infd.mendoza.edu.ar\/sitio\/wp-content\/uploads\/2025\/11\/educacion-superior-titularizara-cargos-y-horas-catedra-1.jpeg\" alt=\"\" width=\"464\" height=\"568\"><\/div>\n<\/div>\n<div>&nbsp;<\/div>\n<div>A todo el personal del&nbsp;&nbsp;I.E.S. N\u00b0 9-023<\/div>\n<div>&nbsp;<\/div>\n<div>Nos dirigimos a ustedes a fin de informarles que la Direcci\u00f3n de Educaci\u00f3n Superior, ha convocado a concurso de titularizaci\u00f3n para horas y cargos del Nivel Superior.<\/div>\n<div>&nbsp;<\/div>\n<div>A fin de brindar una mejor informaci\u00f3n, adjuntamos las resoluciones y anexos&nbsp;correspondientes.<\/div>\n<div>&nbsp;<\/div>\n<div><em><strong>Concurso p\u00fablico y abierto para titularizaci\u00f3n de horas c\u00e1tedra&nbsp; <\/strong><\/em><em><strong>frente a estudiantes en el Nivel&nbsp;&nbsp;<\/strong><\/em><em><strong>Superior &#8211;&nbsp;<\/strong><\/em><\/div>\n<ul>\n<li><strong><a href=\"https:\/\/drive.google.com\/file\/d\/11L3k48guw-qqB99BO9sZX4wk5A8bQKl0\/view?usp=drive_link\">Resoluci\u00f3n concurso horas frente a estudiantes.<\/a><\/strong><\/li>\n<li><strong><a href=\"https:\/\/drive.google.com\/file\/d\/1a9DXHnZRuOVrQ8Nug9L4WQBQ8MI9djaR\/view?usp=drive_link\">Anexo concurso horas frente a estudiantes.<\/a><\/strong><\/li>\n<\/ul>\n<p><em><strong>Concurso p\u00fablico y abierto para titularizaci\u00f3n de cargos BEDEL\/PRECEPTOR\/SECRETARIO en el Nivel Superior &#8211; Convocatoria 2025<\/strong><\/em><\/p>\n<ul>\n<li><strong><a href=\"https:\/\/drive.google.com\/file\/d\/1u0IlGZ6Dn9e469MBGB_TNBCQSx0f8BtS\/view?usp=drive_link\">Resoluci\u00f3n concurso cargos bedel\/preceptor\/secretario.<\/a><\/strong><\/li>\n<li><strong><a href=\"https:\/\/drive.google.com\/file\/d\/1y6eqYowtNGXqTKj6iZWuGKG0wWXH3673\/view?usp=drive_link\">Anexo concurso cargos.<\/a><\/strong><\/li>\n<\/ul>\n<p style=\"text-align: right;\">M\u00e1s informaci\u00f3n:&nbsp;&nbsp;<a href=\"https:\/\/superior-infd.mendoza.edu.ar\/sitio\/docentes-2\/\">https:\/\/superior-infd.mendoza.edu.ar\/sitio\/docentes-2\/<\/a><\/p>\n\n\n<h2 class=\"wp-block-heading\">TRASLADOS\/ PERMUTAS<\/h2>\n\n\n<div class=\"wp-block-image\">\n<figure class=\"alignleft\"><img decoding=\"async\" loading=\"lazy\" width=\"519\" height=\"614\" src=\"https:\/\/ies9023-infd.mendoza.edu.ar\/sitio\/wp-content\/uploads\/2025\/10\/traslados-superior-2.jpg\" alt=\"\" class=\"wp-image-3243\"\/><\/figure><\/div>\n\n\n<p><span style=\"font-size: revert;\">A los docentes del I.E.S. N\u00b0 9-023<\/span><\/p>\n\n\n\n<p>Informamos a ustedes que se ha abierto el concurso de <strong>traslados y\/o permutas<\/strong> en el Nivel superior.<br><br>La recepci\u00f3n de carpetas con documentaci\u00f3n e inscripci\u00f3n correspondiente, podr\u00e1 realizarse:<br>desde el <em><strong>30\/09\/2025 hasta el 16\/10\/2025<\/strong><\/em> en la sede Central del Instituto (Dionisio Herrero 303, Maip\u00fa), en el horario de 09.00 a 11.30 y de 15.30 a 20.00 (Lunes a Viernes).<\/p>\n\n\n\n<p><\/p>\n\n\n\n<p><\/p>\n\n\n\n<p><strong>Para una mejor informaci\u00f3n adjuntamos la RS-2025-332-25-GDEMZA-CGES_DGE y sus ANEXOS<\/strong>:<\/p>\n\n\n\n<p class=\"has-text-align-left\"><strong style=\"font-size: 16px;\">Resoluci\u00f3n<\/strong><span style=\"font-size: 16px; font-weight: bold;\"> <\/span><a style=\"font-size: 16px; font-weight: bold;\" href=\"https:\/\/drive.google.com\/file\/d\/1mK4whcuGjNd8VgzRqpYZIXaU2m0mon-T\/view?usp=sharing\"> Link de descarga <\/a><\/p>\n\n\n\n<p class=\"has-text-align-left\"><span style=\"font-size: revert; font-weight: bold;\"> Anexo I (traslados) <\/span><a style=\"font-size: 16px; font-weight: bold;\" href=\"https:\/\/drive.google.com\/file\/d\/1sC7OqHWqbZ-5tNn77R1enzOZCtow45YO\/view?usp=sharing\"> Link de descarga <\/a><\/p>\n\n\n\n<p class=\"has-text-align-left\"><span style=\"font-size: revert; font-weight: bold;\">Anexo II (permutas) <\/span><a style=\"font-size: 16px; font-weight: bold;\" href=\"https:\/\/drive.google.com\/file\/d\/1j2WmWwrU8_R1qnKYtTeS76HJrR7qjZEJ\/view?usp=sharing\"> Link de descarga                  <\/a><\/p>\n\n\n\n<p class=\"has-text-align-left\"><a style=\"font-size: revert;\" href=\"https:\/\/superior-infd.mendoza.edu.ar\/sitio\/publicaciones-traslado-permuta\/\">LISTADO DE HORAS\/CARGOS PARA TRASLADOS\/PERMUTAS:&nbsp;<\/a><\/p>\n","protected":false},"excerpt":{"rendered":"<p>Concurso p\u00fablico y abierto para titularizaci\u00f3n de cargos BEDEL\/PRECEPTOR\/SECRETARIO en el Nivel Superior &nbsp; A todo el personal del&nbsp;&nbsp;I.E.S. N\u00b0 9-023 &nbsp; Nos dirigimos a ustedes a fin de informarles que la Direcci\u00f3n de Educaci\u00f3n Superior, ha convocado a concurso de titularizaci\u00f3n para horas y cargos del Nivel Superior. &nbsp; A fin de brindar una &#8230; <a title=\"Concursos &#8211; Convocatorias DGE 2025\" class=\"read-more\" href=\"https:\/\/ies9023-infd.mendoza.edu.ar\/sitio\/concursos-convocatorias-dge-2025\/\" aria-label=\"More on Concursos &#8211; Convocatorias DGE 2025\">[+]<\/a><\/p>\n","protected":false},"author":540,"featured_media":0,"comment_status":"closed","ping_status":"open","sticky":true,"template":"","format":"standard","meta":[],"categories":[62,1],"tags":[],"acf":[],"_links":{"self":[{"href":"https:\/\/ies9023-infd.mendoza.edu.ar\/sitio\/wp-json\/wp\/v2\/posts\/3239"}],"collection":[{"href":"https:\/\/ies9023-infd.mendoza.edu.ar\/sitio\/wp-json\/wp\/v2\/posts"}],"about":[{"href":"https:\/\/ies9023-infd.mendoza.edu.ar\/sitio\/wp-json\/wp\/v2\/types\/post"}],"author":[{"embeddable":true,"href":"https:\/\/ies9023-infd.mendoza.edu.ar\/sitio\/wp-json\/wp\/v2\/users\/540"}],"replies":[{"embeddable":true,"href":"https:\/\/ies9023-infd.mendoza.edu.ar\/sitio\/wp-json\/wp\/v2\/comments?post=3239"}],"version-history":[{"count":5,"href":"https:\/\/ies9023-infd.mendoza.edu.ar\/sitio\/wp-json\/wp\/v2\/posts\/3239\/revisions"}],"predecessor-version":[{"id":3573,"href":"https:\/\/ies9023-infd.mendoza.edu.ar\/sitio\/wp-json\/wp\/v2\/posts\/3239\/revisions\/3573"}],"wp:attachment":[{"href":"https:\/\/ies9023-infd.mendoza.edu.ar\/sitio\/wp-json\/wp\/v2\/media?parent=3239"}],"wp:term":[{"taxonomy":"category","embeddable":true,"href":"https:\/\/ies9023-infd.mendoza.edu.ar\/sitio\/wp-json\/wp\/v2\/categories?post=3239"},{"taxonomy":"post_tag","embeddable":true,"href":"https:\/\/ies9023-infd.mendoza.edu.ar\/sitio\/wp-json\/wp\/v2\/tags?post=3239"}],"curies":[{"name":"wp","href":"https:\/\/api.w.org\/{rel}","templated":true}]}}